{"id":8243,"date":"2024-11-18T00:38:00","date_gmt":"2024-11-17T23:38:00","guid":{"rendered":"https:\/\/eribertocaria.com\/comunicacion-empresarial-la-importancia-y-el-uso-del-color\/"},"modified":"2024-11-18T23:15:11","modified_gmt":"2024-11-18T22:15:11","slug":"comunicazione-aziendale-limportanza-e-luso-del-colore","status":"publish","type":"post","link":"https:\/\/eribertocaria.com\/it\/comunicazione-aziendale-limportanza-e-luso-del-colore\/","title":{"rendered":"Comunicazione aziendale. L&#8217;importanza e l&#8217;uso del colore"},"content":{"rendered":"\n<p>La <a href=\"https:\/\/eribertocaria.com\/it\/servizi\/comunicazione-aziendale\/\">comunicazione aziendale<\/a> \u00e8 un elemento chiave nella costruzione dell&#8217;identit\u00e0 di un&#8217;impresa. Il modo in cui un&#8217;azienda comunica con i suoi clienti e con il pubblico in generale pu\u00f2 influenzare la percezione del suo marchio e, in questo caso, l&#8217;uso del colore gioca un ruolo fondamentale nella creazione di materiali pubblicitari e di marketing. La psicologia del colore pu\u00f2 giocare un ruolo importante nel modo in cui i consumatori percepiscono il marchio e pu\u00f2 fare la differenza in una campagna pubblicitaria.<\/p>\n\n\n\n<h2 class=\"wp-block-heading\">Che cos&#8217;\u00e8 la psicologia del colore?<\/h2>\n\n\n\n<p>Per psicologia del colore intendiamo lo studio di come i diversi colori possano influenzare la percezione, le emozioni e il comportamento delle persone. Ogni colore ha un proprio significato e pu\u00f2 trasmettere ai consumatori emozioni e sentimenti diversi. La psicologia del colore pu\u00f2 essere utilizzata nella creazione di loghi e di altre forme di identit\u00e0 visiva dell&#8217;azienda, come la decorazione degli spazi aziendali o le uniformi dei dipendenti, per trasmettere informazioni sull&#8217;azienda e sui suoi valori. In questo modo il colore non solo influenza i potenziali consumatori fornendo loro informazioni sui valori dell\u2019azienda, ma questa selezione pu\u00f2 anche incidere sul benessere dei dipendenti e sulla percezione interna dell\u2019azienda.<\/p>\n\n\n\n<p>\u00c8 importante sottolineare che i colori possono avere significati diversi in culture diverse, quindi le aziende devono prestare attenzione alla scelta dei colori che utilizzano se vogliono operare a livello internazionale.<\/p>\n\n\n\n<p>Precisata l&#8217;importanza della scelta e dell&#8217;uso del colore per un&#8217;azienda, vediamo la simbologia dei colori pi\u00f9 ricorrenti e alcuni esempi di aziende di fama mondiale che li utilizzano come elemento particolarmente significativo della loro <a href=\"https:\/\/eribertocaria.com\/it\/servizi\/identita-aziendale\/\">identit\u00e0 aziendale<\/a>.<\/p>\n\n\n\n<h3 class=\"wp-block-heading\">Rosso<\/h3>\n\n\n\n<p>Il rosso \u00e8 un colore intenso e vibrante, associato alla passione, all&#8217;eccitazione e all&#8217;energia, che lo rende un colore di particolare impatto. Tra le aziende che utilizzano il rosso nella loro identit\u00e0 aziendale vi sono Coca-Cola, McDonald&#8217;s, KFC e Lego.<\/p>\n\n\n\n<p>La Coca-Cola \u00e8 un classico esempio dell&#8217;uso del rosso nella pubblicit\u00e0 e nel marketing: viene utilizzato sulla bottiglia e sull&#8217;etichetta della bevanda ed \u00e8 associato alla gioia e alla felicit\u00e0 che si prova bevendo una bibita fresca. McDonald&#8217;s, invece, lo utilizza in combinazione con il giallo per simboleggiare la velocit\u00e0 e l&#8217;efficienza del suo servizio di fast food.<\/p>\n\n\n\n<h3 class=\"wp-block-heading\">Blu<\/h3>\n\n\n\n<p>Il blu \u00e8 un colore calmo e sereno, associato a fiducia, stabilit\u00e0 e professionalit\u00e0. Questo colore \u00e8 molto apprezzato da aziende tecnologiche e finanziarie come Facebook, IBM, Samsung e Ford. Facebook, in particolare, lo utilizza nel suo logo, associato alla fiducia e alla sicurezza che si prova quando si utilizza la sua piattaforma di social network. IBM lo utilizza per sottolineare l&#8217;affidabilit\u00e0 e la stabilit\u00e0 della sua tecnologia.<\/p>\n\n\n\n<h3 class=\"wp-block-heading\">Verde<\/h3>\n\n\n\n<p>Il verde \u00e8 un colore associato alla natura, alla salute e alla tranquillit\u00e0. Questo colore \u00e8 molto apprezzato dalle aziende che si occupano di cibo, salute e bellezza. Un&#8217;azienda particolarmente nota che utilizza il verde nella sua identit\u00e0 aziendale \u00e8 Starbucks, per esaltare la qualit\u00e0 e la freschezza dei suoi prodotti.<\/p>\n\n\n\n<h3 class=\"wp-block-heading\">Giallo<\/h3>\n\n\n\n<p>Il giallo \u00e8 un colore allegro e ottimista, associato alla felicit\u00e0 e alla creativit\u00e0, molto popolare tra le aziende alimentari, abbinato a colori come il rosso e il verde. Abbiamo gi\u00e0 visto il caso di McDonald&#8217;s, e possiamo anche citare Subway, che lo utilizza in combinazione con il verde, collegandolo alla freschezza e alla qualit\u00e0 dei suoi ingredienti.<\/p>\n\n\n\n<h3 class=\"wp-block-heading\">Bianco e nero<\/h3>\n\n\n\n<p>Il bianco e il nero sono colori che di solito vengono combinati insieme e simboleggiano pulizia, eleganza, purezza e raffinatezza. Questa combinazione di colori \u00e8 particolarmente presente nelle aziende del settore tecnologico e della moda. Alcune aziende che utilizzano questa combinazione nella loro identit\u00e0 aziendale sono Chanel, Nike, Adidas e Apple.<\/p>\n\n\n\n<p>Chanel esalta l&#8217;eleganza, il lusso e la raffinatezza dei suoi prodotti di moda con l&#8217;uso del bianco e del nero. Nike e Adidas utilizzano il bianco e il nero nei loro loghi per sottolineare l&#8217;eccellenza, la qualit\u00e0 e la raffinatezza dei rispettivi marchi sportivi. Apple, invece, utilizza il nero in combinazione con il bianco e altri colori vivaci per dare un senso di eleganza e semplicit\u00e0 al marchio e per trasmettere l&#8217;idea di tecnologia avanzata e raffinatezza dei suoi prodotti elettronici.<\/p>\n\n\n\n<p>In conclusione, abbiamo potuto constatare l&#8217;importanza dell&#8217;uso del colore, non solo come immagine aziendale, ma anche come elemento centrale e indispensabile della comunicazione. Il colore permette, a colpo d&#8217;occhio, al potenziale cliente di entrare in contatto e conoscere i valori e gli interessi di un&#8217;azienda, oltre a migliorare la comunicazione interna dei dipendenti e il rapporto che essi instaurano con il proprio posto di lavoro.<\/p>\n\n\n\n<p>Se cerchi un grafico esperto nelle strategie di comunicazione legate all&#8217;uso e alla gestione del colore, <a href=\"https:\/\/eribertocaria.com\/it\/contatti\/\">contattami<\/a>. Insieme potremo scegliere le tonalit\u00e0 che meglio si adattano alle tue esigenze aziendali, aiutandoti a connetterti pi\u00f9 facilmente con i tuoi clienti.<\/p>\n","protected":false},"excerpt":{"rendered":"<p>La comunicazione aziendale \u00e8 un elemento chiave nella costruzione dell&#8217;identit\u00e0 di un&#8217;impresa. Il modo in cui un&#8217;azienda comunica con i suoi clienti e con il pubblico in generale pu\u00f2 influenzare la percezione del suo marchio e, in questo caso, l&#8217;uso del colore gioca un ruolo fondamentale nella creazione di materiali pubblicitari e di marketing. La [&hellip;]<\/p>\n","protected":false},"author":2,"featured_media":13836,"comment_status":"open","ping_status":"closed","sticky":false,"template":"","format":"standard","meta":{"_acf_changed":false,"footnotes":""},"categories":[102],"tags":[],"class_list":["post-8243","post","type-post","status-publish","format-standard","has-post-thumbnail","hentry","category-comunicazione-aziendale"],"acf":[],"yoast_head":"<!-- This site is optimized with the Yoast SEO plugin v27.1.1 - https:\/\/yoast.com\/product\/yoast-seo-wordpress\/ -->\n<title>Comunicazione aziendale. L&#039;importanza e l&#039;uso del colore &#8211; Eriberto Caria<\/title>\n<meta name=\"description\" content=\"La comunicazione aziendale \u00e8 un elemento chiave nella costruzione dell&#039;identit\u00e0 di un&#039;azienda. Anche il colore deve essere preso in considerazione.\" \/>\n<meta name=\"robots\" content=\"index, follow, max-snippet:-1, max-image-preview:large, max-video-preview:-1\" \/>\n<link rel=\"canonical\" href=\"https:\/\/eribertocaria.com\/it\/comunicazione-aziendale-limportanza-e-luso-del-colore\/\" \/>\n<meta property=\"og:locale\" content=\"it_IT\" \/>\n<meta property=\"og:type\" content=\"article\" \/>\n<meta property=\"og:title\" content=\"Comunicazione aziendale. L&#039;importanza e l&#039;uso del colore &#8211; Eriberto Caria\" \/>\n<meta property=\"og:description\" content=\"La comunicazione aziendale \u00e8 un elemento chiave nella costruzione dell&#039;identit\u00e0 di un&#039;azienda. Anche il colore deve essere preso in considerazione.\" \/>\n<meta property=\"og:url\" content=\"https:\/\/eribertocaria.com\/it\/comunicazione-aziendale-limportanza-e-luso-del-colore\/\" \/>\n<meta property=\"og:site_name\" content=\"Eriberto Caria\" \/>\n<meta property=\"article:author\" content=\"https:\/\/www.facebook.com\/eribertocariadesigner\/\" \/>\n<meta property=\"article:published_time\" content=\"2024-11-17T23:38:00+00:00\" \/>\n<meta property=\"article:modified_time\" content=\"2024-11-18T22:15:11+00:00\" \/>\n<meta property=\"og:image\" content=\"https:\/\/eribertocaria.com\/wp-content\/uploads\/2024\/11\/Comunicacion-empresarial.-La-importancia-y-el-uso-del-color.jpg\" \/>\n\t<meta property=\"og:image:width\" content=\"1920\" \/>\n\t<meta property=\"og:image:height\" content=\"960\" \/>\n\t<meta property=\"og:image:type\" content=\"image\/jpeg\" \/>\n<meta name=\"author\" content=\"Eriberto Caria\" \/>\n<meta name=\"twitter:card\" content=\"summary_large_image\" \/>\n<meta name=\"twitter:label1\" content=\"Scritto da\" \/>\n\t<meta name=\"twitter:data1\" content=\"Eriberto Caria\" \/>\n\t<meta name=\"twitter:label2\" content=\"Tempo di lettura stimato\" \/>\n\t<meta name=\"twitter:data2\" content=\"4 minuti\" \/>\n<script type=\"application\/ld+json\" class=\"yoast-schema-graph\">{\"@context\":\"https:\/\/schema.org\",\"@graph\":[{\"@type\":\"Article\",\"@id\":\"https:\/\/eribertocaria.com\/it\/comunicazione-aziendale-limportanza-e-luso-del-colore\/#article\",\"isPartOf\":{\"@id\":\"https:\/\/eribertocaria.com\/it\/comunicazione-aziendale-limportanza-e-luso-del-colore\/\"},\"author\":{\"name\":\"Eriberto Caria\",\"@id\":\"https:\/\/eribertocaria.com\/it\/#\/schema\/person\/4bd2337610315dd80e19da165eae2e41\"},\"headline\":\"Comunicazione aziendale. L&#8217;importanza e l&#8217;uso del colore\",\"datePublished\":\"2024-11-17T23:38:00+00:00\",\"dateModified\":\"2024-11-18T22:15:11+00:00\",\"mainEntityOfPage\":{\"@id\":\"https:\/\/eribertocaria.com\/it\/comunicazione-aziendale-limportanza-e-luso-del-colore\/\"},\"wordCount\":807,\"commentCount\":0,\"image\":{\"@id\":\"https:\/\/eribertocaria.com\/it\/comunicazione-aziendale-limportanza-e-luso-del-colore\/#primaryimage\"},\"thumbnailUrl\":\"https:\/\/eribertocaria.com\/wp-content\/uploads\/2024\/11\/Comunicacion-empresarial.-La-importancia-y-el-uso-del-color.jpg\",\"articleSection\":[\"Comunicazione aziendale\"],\"inLanguage\":\"it-IT\",\"potentialAction\":[{\"@type\":\"CommentAction\",\"name\":\"Comment\",\"target\":[\"https:\/\/eribertocaria.com\/it\/comunicazione-aziendale-limportanza-e-luso-del-colore\/#respond\"]}]},{\"@type\":\"WebPage\",\"@id\":\"https:\/\/eribertocaria.com\/it\/comunicazione-aziendale-limportanza-e-luso-del-colore\/\",\"url\":\"https:\/\/eribertocaria.com\/it\/comunicazione-aziendale-limportanza-e-luso-del-colore\/\",\"name\":\"Comunicazione aziendale. L'importanza e l'uso del colore &#8211; Eriberto Caria\",\"isPartOf\":{\"@id\":\"https:\/\/eribertocaria.com\/it\/#website\"},\"primaryImageOfPage\":{\"@id\":\"https:\/\/eribertocaria.com\/it\/comunicazione-aziendale-limportanza-e-luso-del-colore\/#primaryimage\"},\"image\":{\"@id\":\"https:\/\/eribertocaria.com\/it\/comunicazione-aziendale-limportanza-e-luso-del-colore\/#primaryimage\"},\"thumbnailUrl\":\"https:\/\/eribertocaria.com\/wp-content\/uploads\/2024\/11\/Comunicacion-empresarial.-La-importancia-y-el-uso-del-color.jpg\",\"datePublished\":\"2024-11-17T23:38:00+00:00\",\"dateModified\":\"2024-11-18T22:15:11+00:00\",\"author\":{\"@id\":\"https:\/\/eribertocaria.com\/it\/#\/schema\/person\/4bd2337610315dd80e19da165eae2e41\"},\"description\":\"La comunicazione aziendale \u00e8 un elemento chiave nella costruzione dell'identit\u00e0 di un'azienda. Anche il colore deve essere preso in considerazione.\",\"inLanguage\":\"it-IT\",\"potentialAction\":[{\"@type\":\"ReadAction\",\"target\":[\"https:\/\/eribertocaria.com\/it\/comunicazione-aziendale-limportanza-e-luso-del-colore\/\"]}]},{\"@type\":\"ImageObject\",\"inLanguage\":\"it-IT\",\"@id\":\"https:\/\/eribertocaria.com\/it\/comunicazione-aziendale-limportanza-e-luso-del-colore\/#primaryimage\",\"url\":\"https:\/\/eribertocaria.com\/wp-content\/uploads\/2024\/11\/Comunicacion-empresarial.-La-importancia-y-el-uso-del-color.jpg\",\"contentUrl\":\"https:\/\/eribertocaria.com\/wp-content\/uploads\/2024\/11\/Comunicacion-empresarial.-La-importancia-y-el-uso-del-color.jpg\",\"width\":1920,\"height\":960},{\"@type\":\"WebSite\",\"@id\":\"https:\/\/eribertocaria.com\/it\/#website\",\"url\":\"https:\/\/eribertocaria.com\/it\/\",\"name\":\"Eriberto Caria\",\"description\":\"Dise\u00f1ador gr\u00e1fico freelance\",\"potentialAction\":[{\"@type\":\"SearchAction\",\"target\":{\"@type\":\"EntryPoint\",\"urlTemplate\":\"https:\/\/eribertocaria.com\/it\/?s={search_term_string}\"},\"query-input\":{\"@type\":\"PropertyValueSpecification\",\"valueRequired\":true,\"valueName\":\"search_term_string\"}}],\"inLanguage\":\"it-IT\"},{\"@type\":\"Person\",\"@id\":\"https:\/\/eribertocaria.com\/it\/#\/schema\/person\/4bd2337610315dd80e19da165eae2e41\",\"name\":\"Eriberto Caria\",\"sameAs\":[\"https:\/\/www.facebook.com\/eribertocariadesigner\/\",\"https:\/\/www.instagram.com\/eribertocariadesigner\/\",\"https:\/\/www.linkedin.com\/company\/eribertocariastudio\"],\"url\":\"https:\/\/eribertocaria.com\/it\/author\/eriberto\/\"}]}<\/script>\n<!-- \/ Yoast SEO plugin. -->","yoast_head_json":{"title":"Comunicazione aziendale. L'importanza e l'uso del colore &#8211; Eriberto Caria","description":"La comunicazione aziendale \u00e8 un elemento chiave nella costruzione dell'identit\u00e0 di un'azienda. Anche il colore deve essere preso in considerazione.","robots":{"index":"index","follow":"follow","max-snippet":"max-snippet:-1","max-image-preview":"max-image-preview:large","max-video-preview":"max-video-preview:-1"},"canonical":"https:\/\/eribertocaria.com\/it\/comunicazione-aziendale-limportanza-e-luso-del-colore\/","og_locale":"it_IT","og_type":"article","og_title":"Comunicazione aziendale. L'importanza e l'uso del colore &#8211; Eriberto Caria","og_description":"La comunicazione aziendale \u00e8 un elemento chiave nella costruzione dell'identit\u00e0 di un'azienda. Anche il colore deve essere preso in considerazione.","og_url":"https:\/\/eribertocaria.com\/it\/comunicazione-aziendale-limportanza-e-luso-del-colore\/","og_site_name":"Eriberto Caria","article_author":"https:\/\/www.facebook.com\/eribertocariadesigner\/","article_published_time":"2024-11-17T23:38:00+00:00","article_modified_time":"2024-11-18T22:15:11+00:00","og_image":[{"width":1920,"height":960,"url":"https:\/\/eribertocaria.com\/wp-content\/uploads\/2024\/11\/Comunicacion-empresarial.-La-importancia-y-el-uso-del-color.jpg","type":"image\/jpeg"}],"author":"Eriberto Caria","twitter_card":"summary_large_image","twitter_misc":{"Scritto da":"Eriberto Caria","Tempo di lettura stimato":"4 minuti"},"schema":{"@context":"https:\/\/schema.org","@graph":[{"@type":"Article","@id":"https:\/\/eribertocaria.com\/it\/comunicazione-aziendale-limportanza-e-luso-del-colore\/#article","isPartOf":{"@id":"https:\/\/eribertocaria.com\/it\/comunicazione-aziendale-limportanza-e-luso-del-colore\/"},"author":{"name":"Eriberto Caria","@id":"https:\/\/eribertocaria.com\/it\/#\/schema\/person\/4bd2337610315dd80e19da165eae2e41"},"headline":"Comunicazione aziendale. L&#8217;importanza e l&#8217;uso del colore","datePublished":"2024-11-17T23:38:00+00:00","dateModified":"2024-11-18T22:15:11+00:00","mainEntityOfPage":{"@id":"https:\/\/eribertocaria.com\/it\/comunicazione-aziendale-limportanza-e-luso-del-colore\/"},"wordCount":807,"commentCount":0,"image":{"@id":"https:\/\/eribertocaria.com\/it\/comunicazione-aziendale-limportanza-e-luso-del-colore\/#primaryimage"},"thumbnailUrl":"https:\/\/eribertocaria.com\/wp-content\/uploads\/2024\/11\/Comunicacion-empresarial.-La-importancia-y-el-uso-del-color.jpg","articleSection":["Comunicazione aziendale"],"inLanguage":"it-IT","potentialAction":[{"@type":"CommentAction","name":"Comment","target":["https:\/\/eribertocaria.com\/it\/comunicazione-aziendale-limportanza-e-luso-del-colore\/#respond"]}]},{"@type":"WebPage","@id":"https:\/\/eribertocaria.com\/it\/comunicazione-aziendale-limportanza-e-luso-del-colore\/","url":"https:\/\/eribertocaria.com\/it\/comunicazione-aziendale-limportanza-e-luso-del-colore\/","name":"Comunicazione aziendale. L'importanza e l'uso del colore &#8211; Eriberto Caria","isPartOf":{"@id":"https:\/\/eribertocaria.com\/it\/#website"},"primaryImageOfPage":{"@id":"https:\/\/eribertocaria.com\/it\/comunicazione-aziendale-limportanza-e-luso-del-colore\/#primaryimage"},"image":{"@id":"https:\/\/eribertocaria.com\/it\/comunicazione-aziendale-limportanza-e-luso-del-colore\/#primaryimage"},"thumbnailUrl":"https:\/\/eribertocaria.com\/wp-content\/uploads\/2024\/11\/Comunicacion-empresarial.-La-importancia-y-el-uso-del-color.jpg","datePublished":"2024-11-17T23:38:00+00:00","dateModified":"2024-11-18T22:15:11+00:00","author":{"@id":"https:\/\/eribertocaria.com\/it\/#\/schema\/person\/4bd2337610315dd80e19da165eae2e41"},"description":"La comunicazione aziendale \u00e8 un elemento chiave nella costruzione dell'identit\u00e0 di un'azienda. Anche il colore deve essere preso in considerazione.","inLanguage":"it-IT","potentialAction":[{"@type":"ReadAction","target":["https:\/\/eribertocaria.com\/it\/comunicazione-aziendale-limportanza-e-luso-del-colore\/"]}]},{"@type":"ImageObject","inLanguage":"it-IT","@id":"https:\/\/eribertocaria.com\/it\/comunicazione-aziendale-limportanza-e-luso-del-colore\/#primaryimage","url":"https:\/\/eribertocaria.com\/wp-content\/uploads\/2024\/11\/Comunicacion-empresarial.-La-importancia-y-el-uso-del-color.jpg","contentUrl":"https:\/\/eribertocaria.com\/wp-content\/uploads\/2024\/11\/Comunicacion-empresarial.-La-importancia-y-el-uso-del-color.jpg","width":1920,"height":960},{"@type":"WebSite","@id":"https:\/\/eribertocaria.com\/it\/#website","url":"https:\/\/eribertocaria.com\/it\/","name":"Eriberto Caria","description":"Dise\u00f1ador gr\u00e1fico freelance","potentialAction":[{"@type":"SearchAction","target":{"@type":"EntryPoint","urlTemplate":"https:\/\/eribertocaria.com\/it\/?s={search_term_string}"},"query-input":{"@type":"PropertyValueSpecification","valueRequired":true,"valueName":"search_term_string"}}],"inLanguage":"it-IT"},{"@type":"Person","@id":"https:\/\/eribertocaria.com\/it\/#\/schema\/person\/4bd2337610315dd80e19da165eae2e41","name":"Eriberto Caria","sameAs":["https:\/\/www.facebook.com\/eribertocariadesigner\/","https:\/\/www.instagram.com\/eribertocariadesigner\/","https:\/\/www.linkedin.com\/company\/eribertocariastudio"],"url":"https:\/\/eribertocaria.com\/it\/author\/eriberto\/"}]}},"_links":{"self":[{"href":"https:\/\/eribertocaria.com\/it\/wp-json\/wp\/v2\/posts\/8243","targetHints":{"allow":["GET"]}}],"collection":[{"href":"https:\/\/eribertocaria.com\/it\/wp-json\/wp\/v2\/posts"}],"about":[{"href":"https:\/\/eribertocaria.com\/it\/wp-json\/wp\/v2\/types\/post"}],"author":[{"embeddable":true,"href":"https:\/\/eribertocaria.com\/it\/wp-json\/wp\/v2\/users\/2"}],"replies":[{"embeddable":true,"href":"https:\/\/eribertocaria.com\/it\/wp-json\/wp\/v2\/comments?post=8243"}],"version-history":[{"count":8,"href":"https:\/\/eribertocaria.com\/it\/wp-json\/wp\/v2\/posts\/8243\/revisions"}],"predecessor-version":[{"id":11869,"href":"https:\/\/eribertocaria.com\/it\/wp-json\/wp\/v2\/posts\/8243\/revisions\/11869"}],"wp:featuredmedia":[{"embeddable":true,"href":"https:\/\/eribertocaria.com\/it\/wp-json\/wp\/v2\/media\/13836"}],"wp:attachment":[{"href":"https:\/\/eribertocaria.com\/it\/wp-json\/wp\/v2\/media?parent=8243"}],"wp:term":[{"taxonomy":"category","embeddable":true,"href":"https:\/\/eribertocaria.com\/it\/wp-json\/wp\/v2\/categories?post=8243"},{"taxonomy":"post_tag","embeddable":true,"href":"https:\/\/eribertocaria.com\/it\/wp-json\/wp\/v2\/tags?post=8243"}],"curies":[{"name":"wp","href":"https:\/\/api.w.org\/{rel}","templated":true}]}}