{"id":8237,"date":"2025-05-29T00:28:02","date_gmt":"2025-05-28T22:28:02","guid":{"rendered":"https:\/\/eribertocaria.com\/el-uso-de-imagenes-para-una-buena-comunicacion-empresarial\/"},"modified":"2025-05-29T00:31:19","modified_gmt":"2025-05-28T22:31:19","slug":"luso-delle-immagini-per-una-buona-comunicazione-aziendale","status":"publish","type":"post","link":"https:\/\/eribertocaria.com\/it\/luso-delle-immagini-per-una-buona-comunicazione-aziendale\/","title":{"rendered":"L&#8217;uso delle immagini per una buona comunicazione aziendale"},"content":{"rendered":"\n<p>Qualsiasi azienda che voglia aumentare il proprio flusso di clienti, migliorare la comunicazione con dipendenti e fornitori e rendere pi\u00f9 chiari i propri obiettivi e la propria filosofia aziendale al pubblico potenziale, dovr\u00e0 pianificare la giusta <a href=\"https:\/\/eribertocaria.com\/it\/servizi\/comunicazione-aziendale\/\">strategia di comunicazione<\/a>.<\/p>\n\n\n\n<p>Una delle strategie che possono essere utilizzate per facilitare questa comunicazione \u00e8 l&#8217;uso delle immagini, che aiutano a trasmettere le informazioni in modo pi\u00f9 chiaro, efficace e intuitivo rispetto al solo testo. Sono particolarmente efficaci quando fungono da complemento alle informazioni scritte, rendendo il messaggio pi\u00f9 attraente, soprattutto se il messaggio da trasmettere \u00e8 astratto o complesso da capire.<\/p>\n\n\n\n<p>Queste immagini hanno il vantaggio di poter essere riutilizzate nei diversi supporti utilizzati nelle campagne di comunicazione. Cos\u00ec, mentre il testo pu\u00f2 essere utile in una brochure, e in questo caso l&#8217;immagine funger\u00e0 da complemento, in un manifesto pubblicitario sar\u00e0 l&#8217;immagine a predominare sul testo. \u00c8 per questo motivo che non dobbiamo trascurare l&#8217;uso di immagini adatte alle nostre esigenze e ai nostri obiettivi, che siano in perfetta simbiosi sia con il testo che con i valori, gli obiettivi e la filosofia dell&#8217;azienda, per evitare possibili confusioni nel pubblico ricevente.<\/p>\n\n\n\n<h2 class=\"wp-block-heading\">L\u2019immagine come leva di branding<\/h2>\n\n\n\n<p>L&#8217;uso delle immagini, in quanto elemento particolarmente significativo della comunicazione non verbale, pu\u00f2 contribuire in modo molto positivo a rafforzare l&#8217;identit\u00e0 visiva di un marchio e a renderlo riconoscibile al suo pubblico di riferimento.<\/p>\n\n\n\n<p>In questo caso possiamo sottolineare l&#8217;uso ricorrente di persone felici in molte campagne di comunicazione, che implicano il gradimento del prodotto che stanno consumando. Questo tipo di immagine \u00e8 particolarmente popolare nelle aziende alimentari come <a href=\"https:\/\/www.cocacola.it\/\" target=\"_blank\" rel=\"noreferrer noopener\">Coca Cola<\/a> o <a href=\"https:\/\/www.mcdonalds.it\/\" target=\"_blank\" rel=\"noreferrer noopener\">McDonald&#8217;s<\/a>, o nelle aziende tecnologiche come <a href=\"https:\/\/www.apple.com\/\" target=\"_blank\" rel=\"noreferrer noopener\">Apple<\/a>, che mostrano persone chiaramente felici che utilizzano i loro prodotti tecnologici.<\/p>\n\n\n\n<h2 class=\"wp-block-heading\">Persuasione<\/h2>\n\n\n\n<p>Le immagini possono essere utilizzate anche per persuadere il pubblico di riferimento a compiere una determinata azione, sia per acquistare un prodotto o un servizio, sia per sostenere una determinata causa. Sono un tipo di immagini particolarmente utilizzate dalle organizzazioni no-profit per facilitare il collegamento con la loro causa benefica, come <a href=\"https:\/\/www.savethechildren.org\/\" target=\"_blank\" rel=\"noreferrer noopener\">Save the Children<\/a>, le cui campagne presentano bambini in situazioni ad alto rischio o in grave malnutrizione per generare empatia con il pubblico di riferimento.<\/p>\n\n\n\n<h2 class=\"wp-block-heading\">Emozione<\/h2>\n\n\n\n<p>L\u2019impiego delle immagini nella comunicazione aziendale pu\u00f2 rivelarsi particolarmente efficace nel suscitare emozioni nel pubblico di riferimento, facilitando cos\u00ec la trasmissione di messaggi emotivamente coinvolgenti e la creazione di un legame empatico con i destinatari.<\/p>\n\n\n\n<p>Negli ultimi anni molti marchi hanno mostrato un interesse crescente nel legare la propria immagine a cause sociali, motivo per cui le loro campagne di comunicazione per i potenziali clienti includono immagini particolarmente emotive. Possiamo citare <a href=\"https:\/\/www.dove.com\/it\/home.html\" target=\"_blank\" rel=\"noreferrer noopener\">Dove<\/a> e la sua lotta per l&#8217;accettazione di tutti i tipi di corporeit\u00e0, che nell&#8217;ultimo decennio ci ha presentato immagini di donne di altezze, dimensioni e tonalit\u00e0 della pelle molto diverse.<\/p>\n\n\n\n<h2 class=\"wp-block-heading\">Chiarezza<\/h2>\n\n\n\n<p>Non bisogna trascurare l&#8217;importanza della chiarezza delle immagini, che devono illustrare o facilitare il messaggio da trasmettere, soprattutto se il messaggio \u00e8 complesso o perch\u00e9 il supporto su cui deve essere presentato non consente di inserire un testo esplicativo.<\/p>\n\n\n\n<h2 class=\"wp-block-heading\">Semplicit\u00e0<\/h2>\n\n\n\n<p>Insieme alla chiarezza, la semplicit\u00e0 dell&#8217;immagine \u00e8 uno dei fattori chiave da tenere in considerazione quando si sceglie un&#8217;immagine, poich\u00e9 questo fattore aiuter\u00e0 il messaggio a essere meglio compreso e, quindi, lo render\u00e0 pi\u00f9 facile da assimilare e ricordare. Immagini complesse o inadeguate al messaggio possono causare confusione visiva nel ricevente, generando rifiuto nel pubblico e quindi fallendo l&#8217;intento comunicativo.<\/p>\n\n\n\n<p>I graphic designer sono specialisti nella scelta di immagini adatte alle esigenze di un&#8217;azienda per rendere la comunicazione con i tuoi clienti chiara, diretta e in linea con i tuoi valori. <a href=\"https:\/\/eribertocaria.com\/it\/contatti\/\">Contattaci<\/a> e troveremo insieme le immagini che meglio valorizzano il tuo marchio per attirare il pubblico.<\/p>\n","protected":false},"excerpt":{"rendered":"<p>Qualsiasi azienda che voglia aumentare il proprio flusso di clienti, migliorare la comunicazione con dipendenti e fornitori e rendere pi\u00f9 chiari i propri obiettivi e la propria filosofia aziendale al pubblico potenziale, dovr\u00e0 pianificare la giusta strategia di comunicazione. Una delle strategie che possono essere utilizzate per facilitare questa comunicazione \u00e8 l&#8217;uso delle immagini, che [&hellip;]<\/p>\n","protected":false},"author":2,"featured_media":12704,"comment_status":"open","ping_status":"closed","sticky":false,"template":"","format":"standard","meta":{"_acf_changed":false,"footnotes":""},"categories":[102],"tags":[],"class_list":["post-8237","post","type-post","status-publish","format-standard","has-post-thumbnail","hentry","category-comunicazione-aziendale"],"acf":[],"yoast_head":"<!-- This site is optimized with the Yoast SEO plugin v27.1.1 - https:\/\/yoast.com\/product\/yoast-seo-wordpress\/ -->\n<title>L&#039;uso delle immagini per una buona comunicazione aziendale &#8211; Eriberto Caria<\/title>\n<meta name=\"description\" content=\"Utilizzare le immagini nel modo giusto \u00e8 fondamentale per migliorare la comunicazione commerciale di qualsiasi azienda. Mettetevi in contatto con me.\" \/>\n<meta name=\"robots\" content=\"index, follow, max-snippet:-1, max-image-preview:large, max-video-preview:-1\" \/>\n<link rel=\"canonical\" href=\"https:\/\/eribertocaria.com\/it\/luso-delle-immagini-per-una-buona-comunicazione-aziendale\/\" \/>\n<meta property=\"og:locale\" content=\"it_IT\" \/>\n<meta property=\"og:type\" content=\"article\" \/>\n<meta property=\"og:title\" content=\"L&#039;uso delle immagini per una buona comunicazione aziendale &#8211; Eriberto Caria\" \/>\n<meta property=\"og:description\" content=\"Utilizzare le immagini nel modo giusto \u00e8 fondamentale per migliorare la comunicazione commerciale di qualsiasi azienda. Mettetevi in contatto con me.\" \/>\n<meta property=\"og:url\" content=\"https:\/\/eribertocaria.com\/it\/luso-delle-immagini-per-una-buona-comunicazione-aziendale\/\" \/>\n<meta property=\"og:site_name\" content=\"Eriberto Caria\" \/>\n<meta property=\"article:author\" content=\"https:\/\/www.facebook.com\/eribertocariadesigner\/\" \/>\n<meta property=\"article:published_time\" content=\"2025-05-28T22:28:02+00:00\" \/>\n<meta property=\"article:modified_time\" content=\"2025-05-28T22:31:19+00:00\" \/>\n<meta property=\"og:image\" content=\"https:\/\/eribertocaria.com\/wp-content\/uploads\/2025\/05\/immagine-coordinata-fondazione-villanovafranca-13bis-3.jpg\" \/>\n\t<meta property=\"og:image:width\" content=\"1800\" \/>\n\t<meta property=\"og:image:height\" content=\"1218\" \/>\n\t<meta property=\"og:image:type\" content=\"image\/jpeg\" \/>\n<meta name=\"author\" content=\"Eriberto Caria\" \/>\n<meta name=\"twitter:card\" content=\"summary_large_image\" \/>\n<meta name=\"twitter:label1\" content=\"Scritto da\" \/>\n\t<meta name=\"twitter:data1\" content=\"Eriberto Caria\" \/>\n\t<meta name=\"twitter:label2\" content=\"Tempo di lettura stimato\" \/>\n\t<meta name=\"twitter:data2\" content=\"4 minuti\" \/>\n<script type=\"application\/ld+json\" class=\"yoast-schema-graph\">{\"@context\":\"https:\/\/schema.org\",\"@graph\":[{\"@type\":\"Article\",\"@id\":\"https:\/\/eribertocaria.com\/it\/luso-delle-immagini-per-una-buona-comunicazione-aziendale\/#article\",\"isPartOf\":{\"@id\":\"https:\/\/eribertocaria.com\/it\/luso-delle-immagini-per-una-buona-comunicazione-aziendale\/\"},\"author\":{\"name\":\"Eriberto Caria\",\"@id\":\"https:\/\/eribertocaria.com\/it\/#\/schema\/person\/4bd2337610315dd80e19da165eae2e41\"},\"headline\":\"L&#8217;uso delle immagini per una buona comunicazione aziendale\",\"datePublished\":\"2025-05-28T22:28:02+00:00\",\"dateModified\":\"2025-05-28T22:31:19+00:00\",\"mainEntityOfPage\":{\"@id\":\"https:\/\/eribertocaria.com\/it\/luso-delle-immagini-per-una-buona-comunicazione-aziendale\/\"},\"wordCount\":632,\"commentCount\":0,\"image\":{\"@id\":\"https:\/\/eribertocaria.com\/it\/luso-delle-immagini-per-una-buona-comunicazione-aziendale\/#primaryimage\"},\"thumbnailUrl\":\"https:\/\/eribertocaria.com\/wp-content\/uploads\/2025\/05\/immagine-coordinata-fondazione-villanovafranca-13bis-3.jpg\",\"articleSection\":[\"Comunicazione aziendale\"],\"inLanguage\":\"it-IT\",\"potentialAction\":[{\"@type\":\"CommentAction\",\"name\":\"Comment\",\"target\":[\"https:\/\/eribertocaria.com\/it\/luso-delle-immagini-per-una-buona-comunicazione-aziendale\/#respond\"]}]},{\"@type\":\"WebPage\",\"@id\":\"https:\/\/eribertocaria.com\/it\/luso-delle-immagini-per-una-buona-comunicazione-aziendale\/\",\"url\":\"https:\/\/eribertocaria.com\/it\/luso-delle-immagini-per-una-buona-comunicazione-aziendale\/\",\"name\":\"L'uso delle immagini per una buona comunicazione aziendale &#8211; Eriberto Caria\",\"isPartOf\":{\"@id\":\"https:\/\/eribertocaria.com\/it\/#website\"},\"primaryImageOfPage\":{\"@id\":\"https:\/\/eribertocaria.com\/it\/luso-delle-immagini-per-una-buona-comunicazione-aziendale\/#primaryimage\"},\"image\":{\"@id\":\"https:\/\/eribertocaria.com\/it\/luso-delle-immagini-per-una-buona-comunicazione-aziendale\/#primaryimage\"},\"thumbnailUrl\":\"https:\/\/eribertocaria.com\/wp-content\/uploads\/2025\/05\/immagine-coordinata-fondazione-villanovafranca-13bis-3.jpg\",\"datePublished\":\"2025-05-28T22:28:02+00:00\",\"dateModified\":\"2025-05-28T22:31:19+00:00\",\"author\":{\"@id\":\"https:\/\/eribertocaria.com\/it\/#\/schema\/person\/4bd2337610315dd80e19da165eae2e41\"},\"description\":\"Utilizzare le immagini nel modo giusto \u00e8 fondamentale per migliorare la comunicazione commerciale di qualsiasi azienda. Mettetevi in contatto con me.\",\"inLanguage\":\"it-IT\",\"potentialAction\":[{\"@type\":\"ReadAction\",\"target\":[\"https:\/\/eribertocaria.com\/it\/luso-delle-immagini-per-una-buona-comunicazione-aziendale\/\"]}]},{\"@type\":\"ImageObject\",\"inLanguage\":\"it-IT\",\"@id\":\"https:\/\/eribertocaria.com\/it\/luso-delle-immagini-per-una-buona-comunicazione-aziendale\/#primaryimage\",\"url\":\"https:\/\/eribertocaria.com\/wp-content\/uploads\/2025\/05\/immagine-coordinata-fondazione-villanovafranca-13bis-3.jpg\",\"contentUrl\":\"https:\/\/eribertocaria.com\/wp-content\/uploads\/2025\/05\/immagine-coordinata-fondazione-villanovafranca-13bis-3.jpg\",\"width\":1800,\"height\":1218},{\"@type\":\"WebSite\",\"@id\":\"https:\/\/eribertocaria.com\/it\/#website\",\"url\":\"https:\/\/eribertocaria.com\/it\/\",\"name\":\"Eriberto Caria\",\"description\":\"Dise\u00f1ador gr\u00e1fico freelance\",\"potentialAction\":[{\"@type\":\"SearchAction\",\"target\":{\"@type\":\"EntryPoint\",\"urlTemplate\":\"https:\/\/eribertocaria.com\/it\/?s={search_term_string}\"},\"query-input\":{\"@type\":\"PropertyValueSpecification\",\"valueRequired\":true,\"valueName\":\"search_term_string\"}}],\"inLanguage\":\"it-IT\"},{\"@type\":\"Person\",\"@id\":\"https:\/\/eribertocaria.com\/it\/#\/schema\/person\/4bd2337610315dd80e19da165eae2e41\",\"name\":\"Eriberto Caria\",\"sameAs\":[\"https:\/\/www.facebook.com\/eribertocariadesigner\/\",\"https:\/\/www.instagram.com\/eribertocariadesigner\/\",\"https:\/\/www.linkedin.com\/company\/eribertocariastudio\"],\"url\":\"https:\/\/eribertocaria.com\/it\/author\/eriberto\/\"}]}<\/script>\n<!-- \/ Yoast SEO plugin. -->","yoast_head_json":{"title":"L'uso delle immagini per una buona comunicazione aziendale &#8211; Eriberto Caria","description":"Utilizzare le immagini nel modo giusto \u00e8 fondamentale per migliorare la comunicazione commerciale di qualsiasi azienda. Mettetevi in contatto con me.","robots":{"index":"index","follow":"follow","max-snippet":"max-snippet:-1","max-image-preview":"max-image-preview:large","max-video-preview":"max-video-preview:-1"},"canonical":"https:\/\/eribertocaria.com\/it\/luso-delle-immagini-per-una-buona-comunicazione-aziendale\/","og_locale":"it_IT","og_type":"article","og_title":"L'uso delle immagini per una buona comunicazione aziendale &#8211; Eriberto Caria","og_description":"Utilizzare le immagini nel modo giusto \u00e8 fondamentale per migliorare la comunicazione commerciale di qualsiasi azienda. Mettetevi in contatto con me.","og_url":"https:\/\/eribertocaria.com\/it\/luso-delle-immagini-per-una-buona-comunicazione-aziendale\/","og_site_name":"Eriberto Caria","article_author":"https:\/\/www.facebook.com\/eribertocariadesigner\/","article_published_time":"2025-05-28T22:28:02+00:00","article_modified_time":"2025-05-28T22:31:19+00:00","og_image":[{"width":1800,"height":1218,"url":"https:\/\/eribertocaria.com\/wp-content\/uploads\/2025\/05\/immagine-coordinata-fondazione-villanovafranca-13bis-3.jpg","type":"image\/jpeg"}],"author":"Eriberto Caria","twitter_card":"summary_large_image","twitter_misc":{"Scritto da":"Eriberto Caria","Tempo di lettura stimato":"4 minuti"},"schema":{"@context":"https:\/\/schema.org","@graph":[{"@type":"Article","@id":"https:\/\/eribertocaria.com\/it\/luso-delle-immagini-per-una-buona-comunicazione-aziendale\/#article","isPartOf":{"@id":"https:\/\/eribertocaria.com\/it\/luso-delle-immagini-per-una-buona-comunicazione-aziendale\/"},"author":{"name":"Eriberto Caria","@id":"https:\/\/eribertocaria.com\/it\/#\/schema\/person\/4bd2337610315dd80e19da165eae2e41"},"headline":"L&#8217;uso delle immagini per una buona comunicazione aziendale","datePublished":"2025-05-28T22:28:02+00:00","dateModified":"2025-05-28T22:31:19+00:00","mainEntityOfPage":{"@id":"https:\/\/eribertocaria.com\/it\/luso-delle-immagini-per-una-buona-comunicazione-aziendale\/"},"wordCount":632,"commentCount":0,"image":{"@id":"https:\/\/eribertocaria.com\/it\/luso-delle-immagini-per-una-buona-comunicazione-aziendale\/#primaryimage"},"thumbnailUrl":"https:\/\/eribertocaria.com\/wp-content\/uploads\/2025\/05\/immagine-coordinata-fondazione-villanovafranca-13bis-3.jpg","articleSection":["Comunicazione aziendale"],"inLanguage":"it-IT","potentialAction":[{"@type":"CommentAction","name":"Comment","target":["https:\/\/eribertocaria.com\/it\/luso-delle-immagini-per-una-buona-comunicazione-aziendale\/#respond"]}]},{"@type":"WebPage","@id":"https:\/\/eribertocaria.com\/it\/luso-delle-immagini-per-una-buona-comunicazione-aziendale\/","url":"https:\/\/eribertocaria.com\/it\/luso-delle-immagini-per-una-buona-comunicazione-aziendale\/","name":"L'uso delle immagini per una buona comunicazione aziendale &#8211; Eriberto Caria","isPartOf":{"@id":"https:\/\/eribertocaria.com\/it\/#website"},"primaryImageOfPage":{"@id":"https:\/\/eribertocaria.com\/it\/luso-delle-immagini-per-una-buona-comunicazione-aziendale\/#primaryimage"},"image":{"@id":"https:\/\/eribertocaria.com\/it\/luso-delle-immagini-per-una-buona-comunicazione-aziendale\/#primaryimage"},"thumbnailUrl":"https:\/\/eribertocaria.com\/wp-content\/uploads\/2025\/05\/immagine-coordinata-fondazione-villanovafranca-13bis-3.jpg","datePublished":"2025-05-28T22:28:02+00:00","dateModified":"2025-05-28T22:31:19+00:00","author":{"@id":"https:\/\/eribertocaria.com\/it\/#\/schema\/person\/4bd2337610315dd80e19da165eae2e41"},"description":"Utilizzare le immagini nel modo giusto \u00e8 fondamentale per migliorare la comunicazione commerciale di qualsiasi azienda. Mettetevi in contatto con me.","inLanguage":"it-IT","potentialAction":[{"@type":"ReadAction","target":["https:\/\/eribertocaria.com\/it\/luso-delle-immagini-per-una-buona-comunicazione-aziendale\/"]}]},{"@type":"ImageObject","inLanguage":"it-IT","@id":"https:\/\/eribertocaria.com\/it\/luso-delle-immagini-per-una-buona-comunicazione-aziendale\/#primaryimage","url":"https:\/\/eribertocaria.com\/wp-content\/uploads\/2025\/05\/immagine-coordinata-fondazione-villanovafranca-13bis-3.jpg","contentUrl":"https:\/\/eribertocaria.com\/wp-content\/uploads\/2025\/05\/immagine-coordinata-fondazione-villanovafranca-13bis-3.jpg","width":1800,"height":1218},{"@type":"WebSite","@id":"https:\/\/eribertocaria.com\/it\/#website","url":"https:\/\/eribertocaria.com\/it\/","name":"Eriberto Caria","description":"Dise\u00f1ador gr\u00e1fico freelance","potentialAction":[{"@type":"SearchAction","target":{"@type":"EntryPoint","urlTemplate":"https:\/\/eribertocaria.com\/it\/?s={search_term_string}"},"query-input":{"@type":"PropertyValueSpecification","valueRequired":true,"valueName":"search_term_string"}}],"inLanguage":"it-IT"},{"@type":"Person","@id":"https:\/\/eribertocaria.com\/it\/#\/schema\/person\/4bd2337610315dd80e19da165eae2e41","name":"Eriberto Caria","sameAs":["https:\/\/www.facebook.com\/eribertocariadesigner\/","https:\/\/www.instagram.com\/eribertocariadesigner\/","https:\/\/www.linkedin.com\/company\/eribertocariastudio"],"url":"https:\/\/eribertocaria.com\/it\/author\/eriberto\/"}]}},"_links":{"self":[{"href":"https:\/\/eribertocaria.com\/it\/wp-json\/wp\/v2\/posts\/8237","targetHints":{"allow":["GET"]}}],"collection":[{"href":"https:\/\/eribertocaria.com\/it\/wp-json\/wp\/v2\/posts"}],"about":[{"href":"https:\/\/eribertocaria.com\/it\/wp-json\/wp\/v2\/types\/post"}],"author":[{"embeddable":true,"href":"https:\/\/eribertocaria.com\/it\/wp-json\/wp\/v2\/users\/2"}],"replies":[{"embeddable":true,"href":"https:\/\/eribertocaria.com\/it\/wp-json\/wp\/v2\/comments?post=8237"}],"version-history":[{"count":7,"href":"https:\/\/eribertocaria.com\/it\/wp-json\/wp\/v2\/posts\/8237\/revisions"}],"predecessor-version":[{"id":12713,"href":"https:\/\/eribertocaria.com\/it\/wp-json\/wp\/v2\/posts\/8237\/revisions\/12713"}],"wp:featuredmedia":[{"embeddable":true,"href":"https:\/\/eribertocaria.com\/it\/wp-json\/wp\/v2\/media\/12704"}],"wp:attachment":[{"href":"https:\/\/eribertocaria.com\/it\/wp-json\/wp\/v2\/media?parent=8237"}],"wp:term":[{"taxonomy":"category","embeddable":true,"href":"https:\/\/eribertocaria.com\/it\/wp-json\/wp\/v2\/categories?post=8237"},{"taxonomy":"post_tag","embeddable":true,"href":"https:\/\/eribertocaria.com\/it\/wp-json\/wp\/v2\/tags?post=8237"}],"curies":[{"name":"wp","href":"https:\/\/api.w.org\/{rel}","templated":true}]}}