{"id":11461,"date":"2025-07-17T11:00:00","date_gmt":"2025-07-17T09:00:00","guid":{"rendered":"https:\/\/eribertocaria.com\/?p=11461"},"modified":"2026-01-17T18:03:25","modified_gmt":"2026-01-17T17:03:25","slug":"tendenze-attuali-nel-packaging-design-innovazione-e-sostenibilita","status":"publish","type":"post","link":"https:\/\/eribertocaria.com\/it\/tendenze-attuali-nel-packaging-design-innovazione-e-sostenibilita\/","title":{"rendered":"Tendenze attuali nel packaging design: innovazione e sostenibilit\u00e0"},"content":{"rendered":"\n<p>El dise\u00f1o de packaging ha evolucionado r\u00e1pidamente en los \u00faltimos a\u00f1os, reflejando tanto la necesidad de innovaci\u00f3n como las crecientes demandas de sostenibilidad por parte de los consumidores. Hemos identificado varias tendencias clave que est\u00e1n moldeando la forma en que las <strong><a href=\"https:\/\/eribertocaria.com\/proyectos\/zafferano-cortis\/\" target=\"_blank\" rel=\"noreferrer noopener\"><u>marcas abordan el dise\u00f1o de sus envases<\/u><\/a>,<\/strong> buscando un equilibrio entre la funcionalidad, la est\u00e9tica y el respeto por el medio ambiente.<\/p>\n\n<h2 class=\"wp-block-heading\">Simplicidad y minimalismo<\/h2>\n\n<p>Una de las principales tendencias que vemos es el minimalismo. Los consumidores valoran la claridad y la simplicidad en los dise\u00f1os de packaging, y esto se traduce en envases m\u00e1s limpios y directos. Hemos notado que los dise\u00f1os saturados de informaci\u00f3n y gr\u00e1ficos complejos est\u00e1n perdiendo terreno frente a aquellos que transmiten el mensaje de la marca de forma directa y sin complicaciones.<\/p>\n\n<h2 class=\"wp-block-heading\">Sostenibilidad como prioridad<\/h2>\n\n<p>El compromiso con el medio ambiente es ahora una expectativa, no solo una opci\u00f3n. Las marcas est\u00e1n buscando formas de reducir el impacto ambiental de sus envases, adoptando materiales reciclados, reciclables o biodegradables. En nuestro estudio de dise\u00f1o, trabajamos con clientes para desarrollar soluciones que no solo sean sostenibles, sino que tambi\u00e9n aporten valor a\u00f1adido, como el uso de materiales innovadores que refuercen la identidad de marca y fomenten la responsabilidad ecol\u00f3gica.<\/p>\n\n<h2 class=\"wp-block-heading\">Interactividad y experiencias digitales<\/h2>\n\n<p>El avance tecnol\u00f3gico tambi\u00e9n ha dejado su huella en el <strong><a href=\"https:\/\/eribertocaria.com\/servicios\/diseno-de-packaging\/\" target=\"_blank\" rel=\"noreferrer noopener\"><u>dise\u00f1o de packaging<\/u><\/a>.<\/strong> Vemos c\u00f3mo muchas marcas est\u00e1n integrando elementos digitales interactivos, como c\u00f3digos QR y realidad aumentada, que ofrecen a los consumidores experiencias inmersivas. Esto no solo mejora la interacci\u00f3n con el producto, sino que tambi\u00e9n a\u00f1ade una capa extra de compromiso, algo que consideramos fundamental para conectar con las nuevas generaciones de consumidores.<\/p>\n\n<h2 class=\"wp-block-heading\">Dise\u00f1os nost\u00e1lgicos y vintage<\/h2>\n\n<p>Curiosamente, otra tendencia que hemos observado es el regreso de lo retro. Muchos dise\u00f1os actuales est\u00e1n inspirados en est\u00e9ticas vintage, con tipograf\u00edas y colores que evocan una sensaci\u00f3n de nostalgia. Este tipo de dise\u00f1o apela a las emociones, creando una conexi\u00f3n m\u00e1s profunda con el consumidor. En nuestro estudio, hemos implementado este enfoque para varias marcas, logrando una diferenciaci\u00f3n significativa en el mercado.<\/p>\n\n<h2 class=\"wp-block-heading\">Packaging multifuncional<\/h2>\n\n<p>Otra tendencia destacada es el enfoque en la funcionalidad. Hoy en d\u00eda, los consumidores valoran los envases que pueden reutilizarse o que cumplen una funci\u00f3n adicional despu\u00e9s de cumplir su prop\u00f3sito original. En <strong>Eriberto Caria<\/strong>, desarrollamos envases que no solo protegen y presentan el producto, sino que tambi\u00e9n tienen un ciclo de vida m\u00e1s prolongado, fomentando la reutilizaci\u00f3n creativa.<\/p>\n\n<p>El futuro del dise\u00f1o de packaging est\u00e1 claramente orientado hacia la sostenibilidad, la innovaci\u00f3n tecnol\u00f3gica y la creaci\u00f3n de experiencias significativas para el consumidor. En <strong>Eriberto Caria<\/strong>, nos enfocamos en dise\u00f1ar envases que adem\u00e1s de cumplir con estos est\u00e1ndares, tambi\u00e9n refuercen la identidad de marca y ayuden a nuestros clientes a destacar en un mercado cada vez m\u00e1s competitivo.<\/p>\n\n<p>\u00bfQuieres darle una nueva vida a tu packaging? <a href=\"https:\/\/eribertocaria.com\/contacto\/\">Cont\u00e1ctanos<\/a> y dise\u00f1aremos juntos soluciones creativas, sostenibles y a medida para tu marca.<\/p>\n","protected":false},"excerpt":{"rendered":"<p>El dise\u00f1o de packaging ha evolucionado r\u00e1pidamente en los \u00faltimos a\u00f1os, reflejando tanto la necesidad de innovaci\u00f3n como las crecientes demandas de sostenibilidad por parte de los consumidores. Hemos identificado varias tendencias clave que est\u00e1n moldeando la forma en que las marcas abordan el dise\u00f1o de sus envases, buscando un equilibrio entre la funcionalidad, la [&hellip;]<\/p>\n","protected":false},"author":2,"featured_media":12751,"comment_status":"open","ping_status":"closed","sticky":false,"template":"","format":"standard","meta":{"_acf_changed":false,"footnotes":""},"categories":[],"tags":[],"class_list":["post-11461","post","type-post","status-publish","format-standard","has-post-thumbnail","hentry"],"acf":[],"yoast_head":"<!-- This site is optimized with the Yoast SEO plugin v27.1.1 - https:\/\/yoast.com\/product\/yoast-seo-wordpress\/ -->\n<title>Tendenze attuali nel packaging design &#8211; Eriberto Caria<\/title>\n<meta name=\"description\" content=\"Esplora le nuove tendenze del packaging design: semplicit\u00e0, eco-sostenibilit\u00e0, elementi digitali e funzionalit\u00e0 per valorizzare il brand.\" \/>\n<meta name=\"robots\" content=\"index, follow, max-snippet:-1, max-image-preview:large, max-video-preview:-1\" \/>\n<link rel=\"canonical\" href=\"https:\/\/eribertocaria.com\/it\/tendenze-attuali-nel-packaging-design-innovazione-e-sostenibilita\/\" \/>\n<meta property=\"og:locale\" content=\"it_IT\" \/>\n<meta property=\"og:type\" content=\"article\" \/>\n<meta property=\"og:title\" content=\"Tendenze attuali nel packaging design &#8211; Eriberto Caria\" \/>\n<meta property=\"og:description\" content=\"Esplora le nuove tendenze del packaging design: semplicit\u00e0, eco-sostenibilit\u00e0, elementi digitali e funzionalit\u00e0 per valorizzare il brand.\" \/>\n<meta property=\"og:url\" content=\"https:\/\/eribertocaria.com\/it\/tendenze-attuali-nel-packaging-design-innovazione-e-sostenibilita\/\" \/>\n<meta property=\"og:site_name\" content=\"Eriberto Caria\" \/>\n<meta property=\"article:author\" content=\"https:\/\/www.facebook.com\/eribertocariadesigner\/\" \/>\n<meta property=\"article:published_time\" content=\"2025-07-17T09:00:00+00:00\" \/>\n<meta property=\"article:modified_time\" content=\"2026-01-17T17:03:25+00:00\" \/>\n<meta property=\"og:image\" content=\"https:\/\/eribertocaria.com\/wp-content\/uploads\/2025\/06\/Packaging-Etichetta-Io-Solo-Sardo-Pomodori-Datterini-2.jpg\" \/>\n\t<meta property=\"og:image:width\" content=\"2000\" \/>\n\t<meta property=\"og:image:height\" content=\"1299\" \/>\n\t<meta property=\"og:image:type\" content=\"image\/jpeg\" \/>\n<meta name=\"author\" content=\"Eriberto Caria\" \/>\n<meta name=\"twitter:card\" content=\"summary_large_image\" \/>\n<meta name=\"twitter:label1\" content=\"Scritto da\" \/>\n\t<meta name=\"twitter:data1\" content=\"Eriberto Caria\" \/>\n\t<meta name=\"twitter:label2\" content=\"Tempo di lettura stimato\" \/>\n\t<meta name=\"twitter:data2\" content=\"3 minuti\" \/>\n<script type=\"application\/ld+json\" class=\"yoast-schema-graph\">{\"@context\":\"https:\/\/schema.org\",\"@graph\":[{\"@type\":\"Article\",\"@id\":\"https:\/\/eribertocaria.com\/it\/tendenze-attuali-nel-packaging-design-innovazione-e-sostenibilita\/#article\",\"isPartOf\":{\"@id\":\"https:\/\/eribertocaria.com\/it\/tendenze-attuali-nel-packaging-design-innovazione-e-sostenibilita\/\"},\"author\":{\"name\":\"Eriberto Caria\",\"@id\":\"https:\/\/eribertocaria.com\/it\/#\/schema\/person\/4bd2337610315dd80e19da165eae2e41\"},\"headline\":\"Tendenze attuali nel packaging design: innovazione e sostenibilit\u00e0\",\"datePublished\":\"2025-07-17T09:00:00+00:00\",\"dateModified\":\"2026-01-17T17:03:25+00:00\",\"mainEntityOfPage\":{\"@id\":\"https:\/\/eribertocaria.com\/it\/tendenze-attuali-nel-packaging-design-innovazione-e-sostenibilita\/\"},\"wordCount\":546,\"commentCount\":0,\"image\":{\"@id\":\"https:\/\/eribertocaria.com\/it\/tendenze-attuali-nel-packaging-design-innovazione-e-sostenibilita\/#primaryimage\"},\"thumbnailUrl\":\"https:\/\/eribertocaria.com\/wp-content\/uploads\/2025\/06\/Packaging-Etichetta-Io-Solo-Sardo-Pomodori-Datterini-2.jpg\",\"inLanguage\":\"it-IT\",\"potentialAction\":[{\"@type\":\"CommentAction\",\"name\":\"Comment\",\"target\":[\"https:\/\/eribertocaria.com\/it\/tendenze-attuali-nel-packaging-design-innovazione-e-sostenibilita\/#respond\"]}]},{\"@type\":\"WebPage\",\"@id\":\"https:\/\/eribertocaria.com\/it\/tendenze-attuali-nel-packaging-design-innovazione-e-sostenibilita\/\",\"url\":\"https:\/\/eribertocaria.com\/it\/tendenze-attuali-nel-packaging-design-innovazione-e-sostenibilita\/\",\"name\":\"Tendenze attuali nel packaging design &#8211; Eriberto Caria\",\"isPartOf\":{\"@id\":\"https:\/\/eribertocaria.com\/it\/#website\"},\"primaryImageOfPage\":{\"@id\":\"https:\/\/eribertocaria.com\/it\/tendenze-attuali-nel-packaging-design-innovazione-e-sostenibilita\/#primaryimage\"},\"image\":{\"@id\":\"https:\/\/eribertocaria.com\/it\/tendenze-attuali-nel-packaging-design-innovazione-e-sostenibilita\/#primaryimage\"},\"thumbnailUrl\":\"https:\/\/eribertocaria.com\/wp-content\/uploads\/2025\/06\/Packaging-Etichetta-Io-Solo-Sardo-Pomodori-Datterini-2.jpg\",\"datePublished\":\"2025-07-17T09:00:00+00:00\",\"dateModified\":\"2026-01-17T17:03:25+00:00\",\"author\":{\"@id\":\"https:\/\/eribertocaria.com\/it\/#\/schema\/person\/4bd2337610315dd80e19da165eae2e41\"},\"description\":\"Esplora le nuove tendenze del packaging design: semplicit\u00e0, eco-sostenibilit\u00e0, elementi digitali e funzionalit\u00e0 per valorizzare il brand.\",\"inLanguage\":\"it-IT\",\"potentialAction\":[{\"@type\":\"ReadAction\",\"target\":[\"https:\/\/eribertocaria.com\/it\/tendenze-attuali-nel-packaging-design-innovazione-e-sostenibilita\/\"]}]},{\"@type\":\"ImageObject\",\"inLanguage\":\"it-IT\",\"@id\":\"https:\/\/eribertocaria.com\/it\/tendenze-attuali-nel-packaging-design-innovazione-e-sostenibilita\/#primaryimage\",\"url\":\"https:\/\/eribertocaria.com\/wp-content\/uploads\/2025\/06\/Packaging-Etichetta-Io-Solo-Sardo-Pomodori-Datterini-2.jpg\",\"contentUrl\":\"https:\/\/eribertocaria.com\/wp-content\/uploads\/2025\/06\/Packaging-Etichetta-Io-Solo-Sardo-Pomodori-Datterini-2.jpg\",\"width\":2000,\"height\":1299},{\"@type\":\"WebSite\",\"@id\":\"https:\/\/eribertocaria.com\/it\/#website\",\"url\":\"https:\/\/eribertocaria.com\/it\/\",\"name\":\"Eriberto Caria\",\"description\":\"Dise\u00f1ador gr\u00e1fico freelance\",\"potentialAction\":[{\"@type\":\"SearchAction\",\"target\":{\"@type\":\"EntryPoint\",\"urlTemplate\":\"https:\/\/eribertocaria.com\/it\/?s={search_term_string}\"},\"query-input\":{\"@type\":\"PropertyValueSpecification\",\"valueRequired\":true,\"valueName\":\"search_term_string\"}}],\"inLanguage\":\"it-IT\"},{\"@type\":\"Person\",\"@id\":\"https:\/\/eribertocaria.com\/it\/#\/schema\/person\/4bd2337610315dd80e19da165eae2e41\",\"name\":\"Eriberto Caria\",\"sameAs\":[\"https:\/\/www.facebook.com\/eribertocariadesigner\/\",\"https:\/\/www.instagram.com\/eribertocariadesigner\/\",\"https:\/\/www.linkedin.com\/company\/eribertocariastudio\"],\"url\":\"https:\/\/eribertocaria.com\/it\/author\/eriberto\/\"}]}<\/script>\n<!-- \/ Yoast SEO plugin. -->","yoast_head_json":{"title":"Tendenze attuali nel packaging design &#8211; Eriberto Caria","description":"Esplora le nuove tendenze del packaging design: semplicit\u00e0, eco-sostenibilit\u00e0, elementi digitali e funzionalit\u00e0 per valorizzare il brand.","robots":{"index":"index","follow":"follow","max-snippet":"max-snippet:-1","max-image-preview":"max-image-preview:large","max-video-preview":"max-video-preview:-1"},"canonical":"https:\/\/eribertocaria.com\/it\/tendenze-attuali-nel-packaging-design-innovazione-e-sostenibilita\/","og_locale":"it_IT","og_type":"article","og_title":"Tendenze attuali nel packaging design &#8211; Eriberto Caria","og_description":"Esplora le nuove tendenze del packaging design: semplicit\u00e0, eco-sostenibilit\u00e0, elementi digitali e funzionalit\u00e0 per valorizzare il brand.","og_url":"https:\/\/eribertocaria.com\/it\/tendenze-attuali-nel-packaging-design-innovazione-e-sostenibilita\/","og_site_name":"Eriberto Caria","article_author":"https:\/\/www.facebook.com\/eribertocariadesigner\/","article_published_time":"2025-07-17T09:00:00+00:00","article_modified_time":"2026-01-17T17:03:25+00:00","og_image":[{"width":2000,"height":1299,"url":"https:\/\/eribertocaria.com\/wp-content\/uploads\/2025\/06\/Packaging-Etichetta-Io-Solo-Sardo-Pomodori-Datterini-2.jpg","type":"image\/jpeg"}],"author":"Eriberto Caria","twitter_card":"summary_large_image","twitter_misc":{"Scritto da":"Eriberto Caria","Tempo di lettura stimato":"3 minuti"},"schema":{"@context":"https:\/\/schema.org","@graph":[{"@type":"Article","@id":"https:\/\/eribertocaria.com\/it\/tendenze-attuali-nel-packaging-design-innovazione-e-sostenibilita\/#article","isPartOf":{"@id":"https:\/\/eribertocaria.com\/it\/tendenze-attuali-nel-packaging-design-innovazione-e-sostenibilita\/"},"author":{"name":"Eriberto Caria","@id":"https:\/\/eribertocaria.com\/it\/#\/schema\/person\/4bd2337610315dd80e19da165eae2e41"},"headline":"Tendenze attuali nel packaging design: innovazione e sostenibilit\u00e0","datePublished":"2025-07-17T09:00:00+00:00","dateModified":"2026-01-17T17:03:25+00:00","mainEntityOfPage":{"@id":"https:\/\/eribertocaria.com\/it\/tendenze-attuali-nel-packaging-design-innovazione-e-sostenibilita\/"},"wordCount":546,"commentCount":0,"image":{"@id":"https:\/\/eribertocaria.com\/it\/tendenze-attuali-nel-packaging-design-innovazione-e-sostenibilita\/#primaryimage"},"thumbnailUrl":"https:\/\/eribertocaria.com\/wp-content\/uploads\/2025\/06\/Packaging-Etichetta-Io-Solo-Sardo-Pomodori-Datterini-2.jpg","inLanguage":"it-IT","potentialAction":[{"@type":"CommentAction","name":"Comment","target":["https:\/\/eribertocaria.com\/it\/tendenze-attuali-nel-packaging-design-innovazione-e-sostenibilita\/#respond"]}]},{"@type":"WebPage","@id":"https:\/\/eribertocaria.com\/it\/tendenze-attuali-nel-packaging-design-innovazione-e-sostenibilita\/","url":"https:\/\/eribertocaria.com\/it\/tendenze-attuali-nel-packaging-design-innovazione-e-sostenibilita\/","name":"Tendenze attuali nel packaging design &#8211; Eriberto Caria","isPartOf":{"@id":"https:\/\/eribertocaria.com\/it\/#website"},"primaryImageOfPage":{"@id":"https:\/\/eribertocaria.com\/it\/tendenze-attuali-nel-packaging-design-innovazione-e-sostenibilita\/#primaryimage"},"image":{"@id":"https:\/\/eribertocaria.com\/it\/tendenze-attuali-nel-packaging-design-innovazione-e-sostenibilita\/#primaryimage"},"thumbnailUrl":"https:\/\/eribertocaria.com\/wp-content\/uploads\/2025\/06\/Packaging-Etichetta-Io-Solo-Sardo-Pomodori-Datterini-2.jpg","datePublished":"2025-07-17T09:00:00+00:00","dateModified":"2026-01-17T17:03:25+00:00","author":{"@id":"https:\/\/eribertocaria.com\/it\/#\/schema\/person\/4bd2337610315dd80e19da165eae2e41"},"description":"Esplora le nuove tendenze del packaging design: semplicit\u00e0, eco-sostenibilit\u00e0, elementi digitali e funzionalit\u00e0 per valorizzare il brand.","inLanguage":"it-IT","potentialAction":[{"@type":"ReadAction","target":["https:\/\/eribertocaria.com\/it\/tendenze-attuali-nel-packaging-design-innovazione-e-sostenibilita\/"]}]},{"@type":"ImageObject","inLanguage":"it-IT","@id":"https:\/\/eribertocaria.com\/it\/tendenze-attuali-nel-packaging-design-innovazione-e-sostenibilita\/#primaryimage","url":"https:\/\/eribertocaria.com\/wp-content\/uploads\/2025\/06\/Packaging-Etichetta-Io-Solo-Sardo-Pomodori-Datterini-2.jpg","contentUrl":"https:\/\/eribertocaria.com\/wp-content\/uploads\/2025\/06\/Packaging-Etichetta-Io-Solo-Sardo-Pomodori-Datterini-2.jpg","width":2000,"height":1299},{"@type":"WebSite","@id":"https:\/\/eribertocaria.com\/it\/#website","url":"https:\/\/eribertocaria.com\/it\/","name":"Eriberto Caria","description":"Dise\u00f1ador gr\u00e1fico freelance","potentialAction":[{"@type":"SearchAction","target":{"@type":"EntryPoint","urlTemplate":"https:\/\/eribertocaria.com\/it\/?s={search_term_string}"},"query-input":{"@type":"PropertyValueSpecification","valueRequired":true,"valueName":"search_term_string"}}],"inLanguage":"it-IT"},{"@type":"Person","@id":"https:\/\/eribertocaria.com\/it\/#\/schema\/person\/4bd2337610315dd80e19da165eae2e41","name":"Eriberto Caria","sameAs":["https:\/\/www.facebook.com\/eribertocariadesigner\/","https:\/\/www.instagram.com\/eribertocariadesigner\/","https:\/\/www.linkedin.com\/company\/eribertocariastudio"],"url":"https:\/\/eribertocaria.com\/it\/author\/eriberto\/"}]}},"_links":{"self":[{"href":"https:\/\/eribertocaria.com\/it\/wp-json\/wp\/v2\/posts\/11461","targetHints":{"allow":["GET"]}}],"collection":[{"href":"https:\/\/eribertocaria.com\/it\/wp-json\/wp\/v2\/posts"}],"about":[{"href":"https:\/\/eribertocaria.com\/it\/wp-json\/wp\/v2\/types\/post"}],"author":[{"embeddable":true,"href":"https:\/\/eribertocaria.com\/it\/wp-json\/wp\/v2\/users\/2"}],"replies":[{"embeddable":true,"href":"https:\/\/eribertocaria.com\/it\/wp-json\/wp\/v2\/comments?post=11461"}],"version-history":[{"count":16,"href":"https:\/\/eribertocaria.com\/it\/wp-json\/wp\/v2\/posts\/11461\/revisions"}],"predecessor-version":[{"id":13565,"href":"https:\/\/eribertocaria.com\/it\/wp-json\/wp\/v2\/posts\/11461\/revisions\/13565"}],"wp:featuredmedia":[{"embeddable":true,"href":"https:\/\/eribertocaria.com\/it\/wp-json\/wp\/v2\/media\/12751"}],"wp:attachment":[{"href":"https:\/\/eribertocaria.com\/it\/wp-json\/wp\/v2\/media?parent=11461"}],"wp:term":[{"taxonomy":"category","embeddable":true,"href":"https:\/\/eribertocaria.com\/it\/wp-json\/wp\/v2\/categories?post=11461"},{"taxonomy":"post_tag","embeddable":true,"href":"https:\/\/eribertocaria.com\/it\/wp-json\/wp\/v2\/tags?post=11461"}],"curies":[{"name":"wp","href":"https:\/\/api.w.org\/{rel}","templated":true}]}}